{"id":4957,"date":"2023-10-19T16:56:59","date_gmt":"2023-10-19T14:56:59","guid":{"rendered":"https:\/\/movecoalition.be\/politieke-analyses-en-adviezen\/"},"modified":"2024-07-02T11:25:29","modified_gmt":"2024-07-02T09:25:29","slug":"politieke-analyses-en-adviezen","status":"publish","type":"post","link":"https:\/\/movecoalition.be\/nl\/politieke-analyses-en-adviezen\/","title":{"rendered":"Politieke analyses en adviezen"},"content":{"rendered":"<p><img decoding=\"async\" class=\"wp-image-4912 size-thumbnail alignleft\" src=\"https:\/\/movecoalition.be\/wp-content\/uploads\/2023\/10\/jdj-150x150.png\" alt=\"\" width=\"150\" height=\"150\" srcset=\"https:\/\/movecoalition.be\/wp-content\/uploads\/2023\/10\/jdj-150x150.png 150w, https:\/\/movecoalition.be\/wp-content\/uploads\/2023\/10\/jdj-300x298.png 300w, https:\/\/movecoalition.be\/wp-content\/uploads\/2023\/10\/jdj.png 361w\" sizes=\"(max-width: 150px) 100vw, 150px\" \/><\/p>\n<h5>Monitoring door het CPT van een gedwongen terugkeer vanuit Belgi\u00eb<\/h5>\n<h6>Juli 2024<\/h6>\n<p>In juli 2023 publiceerde het Comit\u00e9 tegen foltering van de Raad van Europa een rapport met zijn opmerkingen over een door Frontex ondersteunde terugkeeroperatie in 2022 van Belgi\u00eb (en Cyprus) naar de Democratische Republiek Congo. <a href=\"https:\/\/movecoalition.be\/wp-content\/uploads\/2024\/07\/JDJ-Article-CPT.pdf\" target=\"_blank\" rel=\"noopener\">In dit artikel<\/a> (in het Frans) bespreken we enkele van de opmerkingen die de deskundigen van het CPT in hun verslag hebben gemaakt en het antwoord van de Belgische staat.<\/p>\n<p>Een analyse gepubliceerd door onze jurist No\u00e9mi Desguin in <a href=\"http:\/\/www.jdj.be\/jdj\/\" target=\"_blank\" rel=\"noopener\">Jeunesse &amp; Droit<\/a>.<\/p>\n<figure id=\"attachment_5123\" aria-describedby=\"caption-attachment-5123\" style=\"width: 150px\" class=\"wp-caption alignleft\"><img decoding=\"async\" class=\"size-thumbnail wp-image-5123\" src=\"https:\/\/movecoalition.be\/wp-content\/uploads\/2023\/11\/BRU0797-150x150.jpg\" alt=\"\" width=\"150\" height=\"150\" \/><figcaption id=\"caption-attachment-5123\" class=\"wp-caption-text\">127bis<\/figcaption><\/figure>\n<h5>Frontex op Belgische bodem<\/h5>\n<h6>Mei 2024<\/h6>\n<p>Begin mei nam de regering de &#8220;Frontex-wet&#8221; aan. Die laat toe dat gewapende agenten van Frontex actief worden op Belgische bodem.<\/p>\n<p>Net als heel wat partners in het middenveld hebben wij onze bedenkingen en bezorgdheden over de nieuwe wet. Lees onze <a href=\"https:\/\/movecoalition.be\/wp-content\/uploads\/2024\/04\/Wetsvoorstel-Frontex-Analyse-Move-Coalition.pdf\" target=\"_blank\" rel=\"noopener\">uitgebreide analyse<\/a>.<\/p>\n<figure id=\"attachment_5134\" aria-describedby=\"caption-attachment-5134\" style=\"width: 150px\" class=\"wp-caption alignleft\"><img decoding=\"async\" class=\"size-thumbnail wp-image-5134\" src=\"https:\/\/movecoalition.be\/wp-content\/uploads\/2023\/11\/GC_BRU0763-150x150.jpg\" alt=\"\u00a9 Greg Constantine - www.7doors.org\" width=\"150\" height=\"150\" \/><figcaption id=\"caption-attachment-5134\" class=\"wp-caption-text\">\u00a9 Greg Constantine &#8211; www.7doors.org<\/figcaption><\/figure>\n<h5>De wet aanklampend beleid zal tot meer detentie leiden<\/h5>\n<h6>November 2023<\/h6>\n<p>Op woensdag 8 november werd in de Kamer het wetsontwerp Aanklampend Beleid besproken. Vanuit Move maken we ons zorgen. De wet zal tot nog meer administratieve detentie leiden.<\/p>\n<p>In het kader van terugkeer zet de regering in op \u201caanklampend beleid\u201d. Dat zou duurzaam kunnen zijn, als het een echt tweesporenbeleid is \u2013 waarbij \u00e1lle mogelijke uitkomsten voor migranten verkend worden. Het wetsontwerp dat nu voorligt, vernauwt aanklampend beleid echter tot \u2018gedwongen terugkeer\u2019. Het zet de deur open naar meer opsluiting van migranten in de Belgische detentiecentra. Een situatie die we, gezien de menselijke en financi\u00eble kost, absoluut moeten vermijden.<\/p>\n<p><a href=\"https:\/\/movecoalition.be\/download\/29\/beleid\/5154\/wetsontwerp-aanklampend-beleid-onze-bedenkingen-nov-23.pdf\">Lees onze standpunten in deze uitgebreide nota.\u00a0<\/a><\/p>\n<h5><img loading=\"lazy\" decoding=\"async\" class=\"size-thumbnail wp-image-5198 alignleft\" src=\"https:\/\/movecoalition.be\/wp-content\/uploads\/2023\/10\/Isabel-Corthier-Caritas-International-2-150x150.jpg\" alt=\"\" width=\"150\" height=\"150\" \/>Onverwijderbaar en toch in detentie<\/h5>\n<h6>Mei 2023<\/h6>\n<p>Wordt elke opgesloten migrant in een administratief detentiecentrum teruggestuurd naar zijn land van herkomst of verblijf? Neen. Simpelweg omdat sommige mensen \u2026 niet terug kunnen. Die mensen worden als \u201converwijderbaar\u201d omschreven. Denk aan staatlozen, maar bijvoorbeeld ook aan Afghaanse onderdanen die niet naar hun land terug kunnen.<\/p>\n<p>Met <a href=\"https:\/\/movecoalition.be\/wp-content\/uploads\/2023\/05\/Onverwijderbaar-en-toch-in-detentie-mei-23.pdf\">dit document<\/a> willen we de situatie van onverwijderbare personen verhelderen en een aantal aanbevelingen formuleren om deze situatie aan te pakken. Er is ook <a href=\"https:\/\/movecoalition.be\/wp-content\/uploads\/2024\/02\/Ineloignables-et-en-detention-rapport-mai-23-3.pdf\" target=\"_blank\" rel=\"noopener\">een uitgebreider rapport<\/a> (alleen in Frans).<\/p>\n<h5><img loading=\"lazy\" decoding=\"async\" class=\"alignleft wp-image-1478 size-thumbnail\" src=\"https:\/\/movecoalition.be\/wp-content\/uploads\/2022\/03\/hansjorg-keller-p7av1ZhKGBQ-unsplash-150x150.jpg\" alt=\"\" width=\"150\" height=\"150\" \/>Gids voor parlementsleden<\/h5>\n<h6>Oktober 2021<\/h6>\n<p><span lang=\"NL-BE\">Administratieve detentiecentra kennen een duidelijk gebrek aan transparantie. Onze parlementsleden kunnen de detentiecentra echter in hun geheel bezoeken (dat is vastgelegd bij Koninklijke Besluiten). Het is van essentieel belang dat ze dat recht ook uitoefenen.\u00a0<\/span><\/p>\n<p><span lang=\"NL-BE\">Een bezoek aan een detentiecentrum kan niet zomaar ge\u00efmproviseerd worden. <\/span><span lang=\"NL-BE\"><a href=\"https:\/\/movecoalition.be\/wp-content\/uploads\/2022\/05\/parlementaire-gids.pdf\">Mo<\/a><a href=\"https:\/\/movecoalition.be\/wp-content\/uploads\/2022\/05\/parlementaire-gids.pdf\">ve<\/a><a href=\"https:\/\/movecoalition.be\/wp-content\/uploads\/2022\/05\/parlementaire-gids.pdf\"> heeft een gids opgesteld voor parlementsleden die detentiecentra willen bezoeken<\/a> en staat tot hun beschikking om haar ervaring te delen. Elk parlementslid kan bijdragen aan het toezicht op de detentiecentra!<\/span><\/p>\n<h5><strong><img loading=\"lazy\" decoding=\"async\" class=\"size-thumbnail wp-image-1471 alignleft\" src=\"https:\/\/movecoalition.be\/wp-content\/uploads\/2022\/03\/tingey-injury-law-firm-nSpj-Z12lX0-unsplash-150x150.jpg\" alt=\"\" width=\"150\" height=\"150\" \/><\/strong>Hervorming van het Migratiewetboek<\/h5>\n<h6>Juli 2021<\/h6>\n<p>In zijn beleidsnota beloofde de staatssecretaris voor Asiel en Migratie, Samy Mahdi, een nieuw migratiewetboek op te stellen. In het voorjaar van 2021 stelde de staatssecretaris een commissie van deskundigen aan om de nieuwe code vorm te geven. In een voorbereidende fase werd het maatschappelijk middenveld geraadpleegd. Move reageerde enthousiast op de oproep. We werden uitgenodigd voor hoorzittingen in juli 2021 om onze eisen te presenteren en te bespreken met de leden van de Commissie.<\/p>\n<p>Deze brede raadpleging was voor Move een gelegenheid om de aanbevelingen van de Transit Group terug op te nemen en nog verder te gaan. Om de wetgeving, het beleid en de praktijken die detentie mogelijk maken te veranderen en het gebruik van administratieve detentie terug te dringen. Deze bijdrage werd ook gesteund door de Ligue des droits humains en de vzw Point d\u2019Appui, partners van Move. <a href=\"https:\/\/movecoalition.be\/wp-content\/uploads\/2022\/04\/Hervorming-wetboek-MOVE-bijdrage.pdf\">Lees hier het hele document.<\/a><\/p>\n<h5><strong><img loading=\"lazy\" decoding=\"async\" class=\"size-thumbnail wp-image-1467 alignleft\" src=\"https:\/\/movecoalition.be\/wp-content\/uploads\/2021\/10\/juridisch-150x150.jpg\" alt=\"\" width=\"150\" height=\"150\" \/><\/strong>Recht op een advocaat voor gearresteerde migranten?<\/h5>\n<h6>April 2022<\/h6>\n<p>Op 16 november 2021 werd door de parlementsleden Khalil Aouasti e.a. een wetsvoorstel ingediend om het recht op bijstand door een advocaat tijdens het verhoor van vreemdelingen die van hun vrijheid kunnen worden beroofd, te verankeren (DOC 55 2322\/001). Op vraag van de Commissie voor Binnenlandse Zaken heeft Move <a href=\"https:\/\/movecoalition.be\/wp-content\/uploads\/2021\/10\/Advies-over-een-Salduz-wet.pdf\">een advies<\/a> opgesteld dat de juridische argumenten ter ondersteuning van het wetsvoorstel en de voorgestelde aanpassingen van de wet ontwikkelt.<\/p>\n<p>Het advies van Move wordt gesteund en medeondertekend door het Observatoire international des prisons (OIP), l\u2019Action des Chr\u00e9tiens pour l\u2019Abolition de la Torture (ACAT), D\u00e9fense des enfants international (DEI), Association pour le Droit des Etrangers (ADDE), Ligue des Droits Humains (LDH), Amnesty International Belgique, Point d\u2019appui, Mouvement contre le Racisme, l\u2019Antis\u00e9mitisme et la X\u00e9nophobie (MRAX), Dokters van de Wereld, Liga voor Mensenrechten en Sir\u00e9as.<\/p>\n<h5><strong><img loading=\"lazy\" decoding=\"async\" class=\"size-thumbnail wp-image-1483 alignleft\" src=\"https:\/\/movecoalition.be\/wp-content\/uploads\/2022\/03\/donker-150x150.png\" alt=\"\" width=\"150\" height=\"150\" \/><\/strong>Nog steeds geen preventiemechanisme tegen foltering in Belgi\u00eb<\/h5>\n<h6>Oktober 2021<\/h6>\n<p>Move maakt deel uit van de \u201cOPCAT-coalitie\u201d, een coalitie van acht verenigingen die zich inzetten voor de ratificatie van het Facultatief Protocol bij het VN-Verdrag tegen foltering (algemeen bekend als het \u201cOPCAT\u201d) door de Belgische staat.<\/p>\n<p>In dit verband heeft Move, samen met zijn andere partners van de OPCAT-coalitie, <a href=\"https:\/\/movecoalition.be\/wp-content\/uploads\/2021\/10\/OPCAT-Coalitie-Advies-oktober-2021.pdf\">een alternatief rapport<\/a> opgesteld over de eerbiediging van de grondrechten door de Belgische autoriteiten op het gebied van detentie van vreemdelingen.<\/p>\n<h5><strong><img loading=\"lazy\" decoding=\"async\" class=\"size-thumbnail wp-image-4240 alignleft\" src=\"https:\/\/movecoalition.be\/wp-content\/uploads\/2023\/05\/Gesloten-centrum-2-Caritas-Isabel-Corthier-150x150.jpg\" alt=\"\" width=\"150\" height=\"150\" \/><\/strong>Analyse van de Commissie Bossuyt<\/h5>\n<h6>September 2020<\/h6>\n<p>De Commissie voor de evaluatie van het beleid inzake de vrijwillige terugkeer en de gedwongen verwijdering van vreemdelingen (\u201cCommissie Bossuyt\u201d) is opgericht door de regering in maart 2018 naar aanleiding van de Soedan-affaire. Het doel was om de praktische uitvoering van de wettelijke en reglementaire bepalingen van het terugkeerbeleid te beoordelen om in de toekomst mensenrechtenschendingen te voorkomen, zoals enkele Soedanese onderdanen die ondervonden hebben. Zij werden door de Soedanese geheime dienst in Belgische gesloten centra ge\u00efdentificeerd, uitgewezen en verklaarden vervolgens door diezelfde autoriteiten te zijn gefolterd.<\/p>\n<p>Het eindverslag van de commissie Bossuyt is uiteindelijk medio september 2020 gepresenteerd. <a href=\"https:\/\/movecoalition.be\/download\/29\/beleid\/2518\/commissie-bossuyt-analyse-door-het-maatschappelijk-middenveld-september-20.pdf\">Dit document<\/a> vormt een gedetailleerde, rigoureuze en onderbouwde tegenanalyse van dit rapport, dat verschillende terreinactoren samen hebben uitgewerkt.<\/p>\n","protected":false},"excerpt":{"rendered":"<p>Monitoring door het CPT van een gedwongen terugkeer vanuit Belgi\u00eb Juli 2024 In juli 2023 publiceerde het Comit\u00e9 tegen foltering van de Raad van Europa een rapport met zijn opmerkingen over een door Frontex ondersteunde terugkeeroperatie in 2022 van Belgi\u00eb (en Cyprus) naar de Democratische Republiek Congo. In dit artikel (in het Frans) bespreken we [&hellip;]<\/p>\n","protected":false},"author":8,"featured_media":1478,"comment_status":"closed","ping_status":"closed","sticky":false,"template":"","format":"standard","meta":{"_acf_changed":false,"content-type":"","footnotes":""},"categories":[6],"tags":[],"class_list":["post-4957","post","type-post","status-publish","format-standard","has-post-thumbnail","hentry","category-news-nl"],"acf":[],"yoast_head":"<!-- This site is optimized with the Yoast SEO plugin v26.7 - https:\/\/yoast.com\/wordpress\/plugins\/seo\/ -->\n<title>Politieke analyses en adviezen - Movecoalition<\/title>\n<meta name=\"robots\" content=\"index, follow, max-snippet:-1, max-image-preview:large, max-video-preview:-1\" \/>\n<link rel=\"canonical\" href=\"https:\/\/movecoalition.be\/nl\/politieke-analyses-en-adviezen\/\" \/>\n<meta property=\"og:locale\" content=\"nl_NL\" \/>\n<meta property=\"og:type\" content=\"article\" \/>\n<meta property=\"og:title\" content=\"Politieke analyses en adviezen - Movecoalition\" \/>\n<meta property=\"og:description\" content=\"Monitoring door het CPT van een gedwongen terugkeer vanuit Belgi\u00eb Juli 2024 In juli 2023 publiceerde het Comit\u00e9 tegen foltering van de Raad van Europa een rapport met zijn opmerkingen over een door Frontex ondersteunde terugkeeroperatie in 2022 van Belgi\u00eb (en Cyprus) naar de Democratische Republiek Congo. In dit artikel (in het Frans) bespreken we [&hellip;]\" \/>\n<meta property=\"og:url\" content=\"https:\/\/movecoalition.be\/nl\/politieke-analyses-en-adviezen\/\" \/>\n<meta property=\"og:site_name\" content=\"Movecoalition\" \/>\n<meta property=\"article:published_time\" content=\"2023-10-19T14:56:59+00:00\" \/>\n<meta property=\"article:modified_time\" content=\"2024-07-02T09:25:29+00:00\" \/>\n<meta property=\"og:image\" content=\"https:\/\/movecoalition.be\/wp-content\/uploads\/2022\/03\/hansjorg-keller-p7av1ZhKGBQ-unsplash-scaled.jpg\" \/>\n\t<meta property=\"og:image:width\" content=\"2560\" \/>\n\t<meta property=\"og:image:height\" content=\"1922\" \/>\n\t<meta property=\"og:image:type\" content=\"image\/jpeg\" \/>\n<meta name=\"author\" content=\"marijn\" \/>\n<meta name=\"twitter:card\" content=\"summary_large_image\" \/>\n<meta name=\"twitter:label1\" content=\"Geschreven door\" \/>\n\t<meta name=\"twitter:data1\" content=\"marijn\" \/>\n\t<meta name=\"twitter:label2\" content=\"Geschatte leestijd\" \/>\n\t<meta name=\"twitter:data2\" content=\"7 minuten\" \/>\n<script type=\"application\/ld+json\" class=\"yoast-schema-graph\">{\"@context\":\"https:\/\/schema.org\",\"@graph\":[{\"@type\":\"Article\",\"@id\":\"https:\/\/movecoalition.be\/nl\/politieke-analyses-en-adviezen\/#article\",\"isPartOf\":{\"@id\":\"https:\/\/movecoalition.be\/nl\/politieke-analyses-en-adviezen\/\"},\"author\":{\"name\":\"marijn\",\"@id\":\"https:\/\/movecoalition.be\/#\/schema\/person\/ff8dae5bd9bf62b9c9d98483888a1db8\"},\"headline\":\"Politieke analyses en adviezen\",\"datePublished\":\"2023-10-19T14:56:59+00:00\",\"dateModified\":\"2024-07-02T09:25:29+00:00\",\"mainEntityOfPage\":{\"@id\":\"https:\/\/movecoalition.be\/nl\/politieke-analyses-en-adviezen\/\"},\"wordCount\":938,\"publisher\":{\"@id\":\"https:\/\/movecoalition.be\/#organization\"},\"image\":{\"@id\":\"https:\/\/movecoalition.be\/nl\/politieke-analyses-en-adviezen\/#primaryimage\"},\"thumbnailUrl\":\"https:\/\/movecoalition.be\/wp-content\/uploads\/2022\/03\/hansjorg-keller-p7av1ZhKGBQ-unsplash-scaled.jpg\",\"articleSection\":[\"News\"],\"inLanguage\":\"nl-NL\"},{\"@type\":\"WebPage\",\"@id\":\"https:\/\/movecoalition.be\/nl\/politieke-analyses-en-adviezen\/\",\"url\":\"https:\/\/movecoalition.be\/nl\/politieke-analyses-en-adviezen\/\",\"name\":\"Politieke analyses en adviezen - Movecoalition\",\"isPartOf\":{\"@id\":\"https:\/\/movecoalition.be\/#website\"},\"primaryImageOfPage\":{\"@id\":\"https:\/\/movecoalition.be\/nl\/politieke-analyses-en-adviezen\/#primaryimage\"},\"image\":{\"@id\":\"https:\/\/movecoalition.be\/nl\/politieke-analyses-en-adviezen\/#primaryimage\"},\"thumbnailUrl\":\"https:\/\/movecoalition.be\/wp-content\/uploads\/2022\/03\/hansjorg-keller-p7av1ZhKGBQ-unsplash-scaled.jpg\",\"datePublished\":\"2023-10-19T14:56:59+00:00\",\"dateModified\":\"2024-07-02T09:25:29+00:00\",\"breadcrumb\":{\"@id\":\"https:\/\/movecoalition.be\/nl\/politieke-analyses-en-adviezen\/#breadcrumb\"},\"inLanguage\":\"nl-NL\",\"potentialAction\":[{\"@type\":\"ReadAction\",\"target\":[\"https:\/\/movecoalition.be\/nl\/politieke-analyses-en-adviezen\/\"]}]},{\"@type\":\"ImageObject\",\"inLanguage\":\"nl-NL\",\"@id\":\"https:\/\/movecoalition.be\/nl\/politieke-analyses-en-adviezen\/#primaryimage\",\"url\":\"https:\/\/movecoalition.be\/wp-content\/uploads\/2022\/03\/hansjorg-keller-p7av1ZhKGBQ-unsplash-scaled.jpg\",\"contentUrl\":\"https:\/\/movecoalition.be\/wp-content\/uploads\/2022\/03\/hansjorg-keller-p7av1ZhKGBQ-unsplash-scaled.jpg\",\"width\":2560,\"height\":1922,\"caption\":\"\u00a9 hansjorg-keller-unsplash\"},{\"@type\":\"BreadcrumbList\",\"@id\":\"https:\/\/movecoalition.be\/nl\/politieke-analyses-en-adviezen\/#breadcrumb\",\"itemListElement\":[{\"@type\":\"ListItem\",\"position\":1,\"name\":\"Accueil\",\"item\":\"https:\/\/movecoalition.be\/\"},{\"@type\":\"ListItem\",\"position\":2,\"name\":\"Politieke analyses en adviezen\"}]},{\"@type\":\"WebSite\",\"@id\":\"https:\/\/movecoalition.be\/#website\",\"url\":\"https:\/\/movecoalition.be\/\",\"name\":\"Movecoalition\",\"description\":\"Pour en finir avec la d\u00e9tention des personnes migrantes\",\"publisher\":{\"@id\":\"https:\/\/movecoalition.be\/#organization\"},\"potentialAction\":[{\"@type\":\"SearchAction\",\"target\":{\"@type\":\"EntryPoint\",\"urlTemplate\":\"https:\/\/movecoalition.be\/?s={search_term_string}\"},\"query-input\":{\"@type\":\"PropertyValueSpecification\",\"valueRequired\":true,\"valueName\":\"search_term_string\"}}],\"inLanguage\":\"nl-NL\"},{\"@type\":\"Organization\",\"@id\":\"https:\/\/movecoalition.be\/#organization\",\"name\":\"Movecoalition\",\"url\":\"https:\/\/movecoalition.be\/\",\"logo\":{\"@type\":\"ImageObject\",\"inLanguage\":\"nl-NL\",\"@id\":\"https:\/\/movecoalition.be\/#\/schema\/logo\/image\/\",\"url\":\"https:\/\/movecoalition.be\/wp-content\/uploads\/2023\/05\/move-logo-green-HD-scaled.jpg\",\"contentUrl\":\"https:\/\/movecoalition.be\/wp-content\/uploads\/2023\/05\/move-logo-green-HD-scaled.jpg\",\"width\":2560,\"height\":1204,\"caption\":\"Movecoalition\"},\"image\":{\"@id\":\"https:\/\/movecoalition.be\/#\/schema\/logo\/image\/\"}},{\"@type\":\"Person\",\"@id\":\"https:\/\/movecoalition.be\/#\/schema\/person\/ff8dae5bd9bf62b9c9d98483888a1db8\",\"name\":\"marijn\",\"image\":{\"@type\":\"ImageObject\",\"inLanguage\":\"nl-NL\",\"@id\":\"https:\/\/movecoalition.be\/#\/schema\/person\/image\/\",\"url\":\"https:\/\/secure.gravatar.com\/avatar\/bd383be1cb41f61769a93c940aa885a54c3988954eaca6b13efcf4a1bb81c72e?s=96&d=mm&r=g\",\"contentUrl\":\"https:\/\/secure.gravatar.com\/avatar\/bd383be1cb41f61769a93c940aa885a54c3988954eaca6b13efcf4a1bb81c72e?s=96&d=mm&r=g\",\"caption\":\"marijn\"},\"url\":\"https:\/\/movecoalition.be\/nl\/author\/marijn\/\"}]}<\/script>\n<!-- \/ Yoast SEO plugin. -->","yoast_head_json":{"title":"Politieke analyses en adviezen - Movecoalition","robots":{"index":"index","follow":"follow","max-snippet":"max-snippet:-1","max-image-preview":"max-image-preview:large","max-video-preview":"max-video-preview:-1"},"canonical":"https:\/\/movecoalition.be\/nl\/politieke-analyses-en-adviezen\/","og_locale":"nl_NL","og_type":"article","og_title":"Politieke analyses en adviezen - Movecoalition","og_description":"Monitoring door het CPT van een gedwongen terugkeer vanuit Belgi\u00eb Juli 2024 In juli 2023 publiceerde het Comit\u00e9 tegen foltering van de Raad van Europa een rapport met zijn opmerkingen over een door Frontex ondersteunde terugkeeroperatie in 2022 van Belgi\u00eb (en Cyprus) naar de Democratische Republiek Congo. In dit artikel (in het Frans) bespreken we [&hellip;]","og_url":"https:\/\/movecoalition.be\/nl\/politieke-analyses-en-adviezen\/","og_site_name":"Movecoalition","article_published_time":"2023-10-19T14:56:59+00:00","article_modified_time":"2024-07-02T09:25:29+00:00","og_image":[{"width":2560,"height":1922,"url":"https:\/\/movecoalition.be\/wp-content\/uploads\/2022\/03\/hansjorg-keller-p7av1ZhKGBQ-unsplash-scaled.jpg","type":"image\/jpeg"}],"author":"marijn","twitter_card":"summary_large_image","twitter_misc":{"Geschreven door":"marijn","Geschatte leestijd":"7 minuten"},"schema":{"@context":"https:\/\/schema.org","@graph":[{"@type":"Article","@id":"https:\/\/movecoalition.be\/nl\/politieke-analyses-en-adviezen\/#article","isPartOf":{"@id":"https:\/\/movecoalition.be\/nl\/politieke-analyses-en-adviezen\/"},"author":{"name":"marijn","@id":"https:\/\/movecoalition.be\/#\/schema\/person\/ff8dae5bd9bf62b9c9d98483888a1db8"},"headline":"Politieke analyses en adviezen","datePublished":"2023-10-19T14:56:59+00:00","dateModified":"2024-07-02T09:25:29+00:00","mainEntityOfPage":{"@id":"https:\/\/movecoalition.be\/nl\/politieke-analyses-en-adviezen\/"},"wordCount":938,"publisher":{"@id":"https:\/\/movecoalition.be\/#organization"},"image":{"@id":"https:\/\/movecoalition.be\/nl\/politieke-analyses-en-adviezen\/#primaryimage"},"thumbnailUrl":"https:\/\/movecoalition.be\/wp-content\/uploads\/2022\/03\/hansjorg-keller-p7av1ZhKGBQ-unsplash-scaled.jpg","articleSection":["News"],"inLanguage":"nl-NL"},{"@type":"WebPage","@id":"https:\/\/movecoalition.be\/nl\/politieke-analyses-en-adviezen\/","url":"https:\/\/movecoalition.be\/nl\/politieke-analyses-en-adviezen\/","name":"Politieke analyses en adviezen - Movecoalition","isPartOf":{"@id":"https:\/\/movecoalition.be\/#website"},"primaryImageOfPage":{"@id":"https:\/\/movecoalition.be\/nl\/politieke-analyses-en-adviezen\/#primaryimage"},"image":{"@id":"https:\/\/movecoalition.be\/nl\/politieke-analyses-en-adviezen\/#primaryimage"},"thumbnailUrl":"https:\/\/movecoalition.be\/wp-content\/uploads\/2022\/03\/hansjorg-keller-p7av1ZhKGBQ-unsplash-scaled.jpg","datePublished":"2023-10-19T14:56:59+00:00","dateModified":"2024-07-02T09:25:29+00:00","breadcrumb":{"@id":"https:\/\/movecoalition.be\/nl\/politieke-analyses-en-adviezen\/#breadcrumb"},"inLanguage":"nl-NL","potentialAction":[{"@type":"ReadAction","target":["https:\/\/movecoalition.be\/nl\/politieke-analyses-en-adviezen\/"]}]},{"@type":"ImageObject","inLanguage":"nl-NL","@id":"https:\/\/movecoalition.be\/nl\/politieke-analyses-en-adviezen\/#primaryimage","url":"https:\/\/movecoalition.be\/wp-content\/uploads\/2022\/03\/hansjorg-keller-p7av1ZhKGBQ-unsplash-scaled.jpg","contentUrl":"https:\/\/movecoalition.be\/wp-content\/uploads\/2022\/03\/hansjorg-keller-p7av1ZhKGBQ-unsplash-scaled.jpg","width":2560,"height":1922,"caption":"\u00a9 hansjorg-keller-unsplash"},{"@type":"BreadcrumbList","@id":"https:\/\/movecoalition.be\/nl\/politieke-analyses-en-adviezen\/#breadcrumb","itemListElement":[{"@type":"ListItem","position":1,"name":"Accueil","item":"https:\/\/movecoalition.be\/"},{"@type":"ListItem","position":2,"name":"Politieke analyses en adviezen"}]},{"@type":"WebSite","@id":"https:\/\/movecoalition.be\/#website","url":"https:\/\/movecoalition.be\/","name":"Movecoalition","description":"Pour en finir avec la d\u00e9tention des personnes migrantes","publisher":{"@id":"https:\/\/movecoalition.be\/#organization"},"potentialAction":[{"@type":"SearchAction","target":{"@type":"EntryPoint","urlTemplate":"https:\/\/movecoalition.be\/?s={search_term_string}"},"query-input":{"@type":"PropertyValueSpecification","valueRequired":true,"valueName":"search_term_string"}}],"inLanguage":"nl-NL"},{"@type":"Organization","@id":"https:\/\/movecoalition.be\/#organization","name":"Movecoalition","url":"https:\/\/movecoalition.be\/","logo":{"@type":"ImageObject","inLanguage":"nl-NL","@id":"https:\/\/movecoalition.be\/#\/schema\/logo\/image\/","url":"https:\/\/movecoalition.be\/wp-content\/uploads\/2023\/05\/move-logo-green-HD-scaled.jpg","contentUrl":"https:\/\/movecoalition.be\/wp-content\/uploads\/2023\/05\/move-logo-green-HD-scaled.jpg","width":2560,"height":1204,"caption":"Movecoalition"},"image":{"@id":"https:\/\/movecoalition.be\/#\/schema\/logo\/image\/"}},{"@type":"Person","@id":"https:\/\/movecoalition.be\/#\/schema\/person\/ff8dae5bd9bf62b9c9d98483888a1db8","name":"marijn","image":{"@type":"ImageObject","inLanguage":"nl-NL","@id":"https:\/\/movecoalition.be\/#\/schema\/person\/image\/","url":"https:\/\/secure.gravatar.com\/avatar\/bd383be1cb41f61769a93c940aa885a54c3988954eaca6b13efcf4a1bb81c72e?s=96&d=mm&r=g","contentUrl":"https:\/\/secure.gravatar.com\/avatar\/bd383be1cb41f61769a93c940aa885a54c3988954eaca6b13efcf4a1bb81c72e?s=96&d=mm&r=g","caption":"marijn"},"url":"https:\/\/movecoalition.be\/nl\/author\/marijn\/"}]}},"_links":{"self":[{"href":"https:\/\/movecoalition.be\/nl\/wp-json\/wp\/v2\/posts\/4957","targetHints":{"allow":["GET"]}}],"collection":[{"href":"https:\/\/movecoalition.be\/nl\/wp-json\/wp\/v2\/posts"}],"about":[{"href":"https:\/\/movecoalition.be\/nl\/wp-json\/wp\/v2\/types\/post"}],"author":[{"embeddable":true,"href":"https:\/\/movecoalition.be\/nl\/wp-json\/wp\/v2\/users\/8"}],"replies":[{"embeddable":true,"href":"https:\/\/movecoalition.be\/nl\/wp-json\/wp\/v2\/comments?post=4957"}],"version-history":[{"count":15,"href":"https:\/\/movecoalition.be\/nl\/wp-json\/wp\/v2\/posts\/4957\/revisions"}],"predecessor-version":[{"id":5967,"href":"https:\/\/movecoalition.be\/nl\/wp-json\/wp\/v2\/posts\/4957\/revisions\/5967"}],"wp:featuredmedia":[{"embeddable":true,"href":"https:\/\/movecoalition.be\/nl\/wp-json\/wp\/v2\/media\/1478"}],"wp:attachment":[{"href":"https:\/\/movecoalition.be\/nl\/wp-json\/wp\/v2\/media?parent=4957"}],"wp:term":[{"taxonomy":"category","embeddable":true,"href":"https:\/\/movecoalition.be\/nl\/wp-json\/wp\/v2\/categories?post=4957"},{"taxonomy":"post_tag","embeddable":true,"href":"https:\/\/movecoalition.be\/nl\/wp-json\/wp\/v2\/tags?post=4957"}],"curies":[{"name":"wp","href":"https:\/\/api.w.org\/{rel}","templated":true}]}}